{"id":839,"date":"2021-01-29T14:27:46","date_gmt":"2021-01-29T14:27:46","guid":{"rendered":"https:\/\/ogae-az.org\/?p=839"},"modified":"2021-03-08T20:29:24","modified_gmt":"2021-03-08T20:29:24","slug":"albaniyani-anjela-peristeri-karma-ile-temsil-edecek","status":"publish","type":"post","link":"https:\/\/ogae-az.org\/index.php\/2021\/01\/29\/albaniyani-anjela-peristeri-karma-ile-temsil-edecek\/","title":{"rendered":"Albaniyan\u0131 Anjela Peristeri &#8216;Karma&#8217; il\u0259 t\u0259msil ed\u0259c\u0259k \ud83c\udde6\ud83c\uddf1"},"content":{"rendered":"<!-- wp:paragraph--><div class=\"gridContainer\">\n<p><a href=\"https:\/\/www.youtube.com\/watch?v=z5IIY8Z7NbY\">Arilena Ara<\/a> ke\u00e7\u0259n il F\u0130K 58-d\u0259 qalib olub Albaniyan\u0131 Avroviziyada t\u0259msil etm\u0259k h\u00fcququ qazansa da, Albaniya musiqi se\u00e7imi \u0259n\u0259n\u0259sind\u0259n d\u00f6nm\u0259y\u0259r\u0259k bu il yeni se\u00e7iml\u0259r t\u0259\u015fkil etm\u0259yi q\u0259rara ald\u0131. Albaniya ad\u0259t\u0259 uy\u011fun olaraq Avroviziya mahn\u0131s\u0131n\u0131 t\u0259qdim ed\u0259n ilk \u00f6lk\u0259 oldu. Bel\u0259 ki, F\u0130K 59 yar\u0131\u015fmas\u0131 (<strong>Festivali i K\u00ebng\u00ebs<\/strong>) final\u0131nda 17 mahn\u0131n\u0131 gerid\u0259 qoyaraq Anjela Peristerinin &#8216;Karma&#8217; ifas\u0131 birinci yer\u0259 layiq g\u00f6r\u00fcld\u00fc.<\/p>\n<\/div><!-- \/wp:paragraph-->\n\n<!-- wp:image {\"id\":840,\"width\":580,\"height\":664,\"sizeSlug\":\"large\",\"linkDestination\":\"none\"}--><div class=\"gridContainer\">\n<figure class=\"wp-block-image size-large is-resized\"><img loading=\"lazy\" decoding=\"async\" src=\"https:\/\/ogae-az.org\/wp-content\/uploads\/2021\/01\/Anxhela-Peristeri-894x1024.jpg\" alt=\"\" class=\"wp-image-840\" width=\"580\" height=\"664\" srcset=\"https:\/\/ogae-az.org\/wp-content\/uploads\/2021\/01\/Anxhela-Peristeri-894x1024.jpg 894w, https:\/\/ogae-az.org\/wp-content\/uploads\/2021\/01\/Anxhela-Peristeri-262x300.jpg 262w, https:\/\/ogae-az.org\/wp-content\/uploads\/2021\/01\/Anxhela-Peristeri-768x880.jpg 768w, https:\/\/ogae-az.org\/wp-content\/uploads\/2021\/01\/Anxhela-Peristeri-943x1080.jpg 943w, https:\/\/ogae-az.org\/wp-content\/uploads\/2021\/01\/Anxhela-Peristeri.jpg 1131w\" sizes=\"(max-width: 580px) 100vw, 580px\" \/><\/figure>\n<\/div><!-- \/wp:image-->\n\n<!-- wp:paragraph--><div class=\"gridContainer\">\n<p>Festival 3 g\u00fcn \u0259rzind\u0259 (21, 22 v\u0259 23 Dekabr) ke\u00e7irilmi\u015fdir. Festival\u0131 Albaniya akstrisas\u0131 Yonida Vok\u015fi v\u0259 apar\u0131c\u0131 Blendi Salaj t\u0259qdim etdil\u0259r. Qeyd ed\u0259k ki, COV\u0130D-19 bu festivala da \u00f6z t\u0259sirini g\u00f6st\u0259rmi\u015fdir. Bel\u0259 ki, festival ilk d\u0259f\u0259 olaraq simfonik orkestr m\u00fc\u015fayi\u0259ti olmadan apar\u0131lm\u0131\u015fd\u0131r. Bundan \u0259lav\u0259 26 mahn\u0131 j\u00fcri (j\u00fcri aras\u0131nda Albaniyan\u0131 Avroviziyada t\u0259msil etmi\u015f <a href=\"https:\/\/www.youtube.com\/watch?v=VbNFep0qyck\">Eugent Bu\u015fpepa<\/a>, <a href=\"https:\/\/www.youtube.com\/watch?v=-NAbYUoxIfg\">Yonida Maliqi<\/a> m\u00fc\u011f\u0259nnil\u0259r d\u0259 var idi) t\u0259r\u0259find\u0259n se\u00e7ils\u0259 d\u0259, se\u00e7iml\u0259rd\u0259 yaln\u0131zca 25 mahn\u0131 i\u015ftirak edir, bel\u0259 ki, m\u00fc\u011f\u0259nni Manyola Nallbani COV\u0130D-19-dan \u0259ziyy\u0259t \u00e7\u0259kdiyi \u00fc\u00e7\u00fcn \u00e7\u0259kili\u015fl\u0259rd\u0259 i\u015ftirak etmir. <\/p>\n<\/div><!-- \/wp:paragraph-->\n\n<!-- wp:paragraph--><div class=\"gridContainer\">\n<p>1-ci g\u00fcn se\u00e7iml\u0259rind\u0259 25 m\u00fc\u011f\u0259nni \u00f6z mahn\u0131lar\u0131n\u0131n studio versiyalar\u0131n\u0131 t\u0259qdim edirl\u0259r. Bu se\u00e7iml\u0259rd\u0259 yaln\u0131zca 18 mahn\u0131 j\u00fcri t\u0259r\u0259find\u0259n se\u00e7ilir.  2-ci yar\u0131m finalda i\u015ftirak\u00e7\u0131lar \u00f6z mahn\u0131lar\u0131n\u0131 akustik \u015f\u0259kild\u0259 s\u0259sl\u0259ndirdil\u0259r. \u0130lk yar\u0131m finalda finala v\u0259siq\u0259 qazana bilm\u0259y\u0259n m\u00fc\u011f\u0259nnil\u0259r bunlar oldu: <a href=\"https:\/\/www.youtube.com\/watch?v=fRMJyGCOu3o&amp;list=PLXkOwrmDit4r_VPeLagxlamOggAb49dGs\">Enxhi Nasufi<\/a>, <a href=\"https:\/\/www.youtube.com\/watch?v=ioMVhENBKoM&amp;list=PLXkOwrmDit4r_VPeLagxlamOggAb49dGs&amp;index=2\">Frank Koruni<\/a>, <a href=\"https:\/\/www.youtube.com\/watch?v=HxhAaW-nnuo&amp;list=PLXkOwrmDit4r_VPeLagxlamOggAb49dGs&amp;index=24\">Erik Lo\u015fi<\/a>, <a href=\"https:\/\/www.youtube.com\/watch?v=-1ReICLrkOE&amp;list=PLXkOwrmDit4r_VPeLagxlamOggAb49dGs&amp;index=6\">Aqim Po\u015fka<\/a>, <a href=\"https:\/\/www.youtube.com\/watch?v=7YXrNzNiHVQ&amp;list=PLXkOwrmDit4r_VPeLagxlamOggAb49dGs&amp;index=12\">Stefan Marena<\/a>, <a href=\"https:\/\/www.youtube.com\/watch?v=Q3RlIoOnliA&amp;list=PLXkOwrmDit4r_VPeLagxlamOggAb49dGs&amp;index=16\">Fatos \u015eabani<\/a> v\u0259 <a href=\"https:\/\/www.youtube.com\/watch?v=g70tDUCH8Lk&amp;list=PLXkOwrmDit4r_VPeLagxlamOggAb49dGs&amp;index=20\">Klint \u00c7ollaku<\/a>.<\/p>\n<\/div><!-- \/wp:paragraph-->\n\n<!-- wp:paragraph--><div class=\"gridContainer\">\n<p>Finalda 18 mahn\u0131 aras\u0131nda F\u0130K-d\u0259 \u0259vv\u0259ll\u0259r i\u015ftirak etmi\u015f i\u015ftirak\u00e7\u0131lardan da var idi. Bunlar\u0131n aras\u0131nda Orgesa Zaimi v\u0259 \u0130nis Nezirini x\u00fcsusi qeyd etm\u0259k olar. Festival\u0131n n\u0259tic\u0259si sonda bel\u0259 oldu:<\/p>\n<\/div><!-- \/wp:paragraph-->\n\n<!-- wp:paragraph--><div class=\"gridContainer\">\n<p><strong>1-ci yer &#8211; Anjela Peristeri &#8211; Karma<\/strong><br><em>2-ci yer &#8211; <a href=\"https:\/\/www.youtube.com\/watch?v=yQw6B7XAjJM&amp;list=PLXkOwrmDit4r_VPeLagxlamOggAb49dGs&amp;index=13\">Sardi Struqay &#8211; Kam me t&#8217;ba me kajt<\/a> \/ S\u0259ninl\u0259 getm\u0259liy\u0259m<\/em><br><em>3-c\u00fc yer &#8211; <a href=\"https:\/\/www.youtube.com\/watch?v=fLIn0DuClUY&amp;list=PLXkOwrmDit4r_VPeLagxlamOggAb49dGs&amp;index=21\">Festina Meyzini &#8211; Kush je ti dashuri<\/a> \/ S\u0259n kimi sevirs\u0259n<\/em><\/p>\n<\/div><!-- \/wp:paragraph-->\n\n<!-- wp:embed {\"url\":\"https:\/\/www.youtube.com\/watch?v=CqeSZlS41S0\",\"type\":\"video\",\"providerNameSlug\":\"youtube\",\"responsive\":true,\"className\":\"wp-embed-aspect-16-9 wp-has-aspect-ratio\"}--><div class=\"gridContainer\">\n<figure class=\"wp-block-embed is-type-video is-provider-youtube wp-block-embed-youtube wp-embed-aspect-16-9 wp-has-aspect-ratio\"><div class=\"wp-block-embed__wrapper\">\n<div class='embed-container'><iframe loading=\"lazy\" title=\"Albania \ud83c\udde6\ud83c\uddf1 - Anxhela Peristeri - Karma - National Final Performance - Eurovision 2021\" width=\"1778\" height=\"1000\" src=\"https:\/\/www.youtube.com\/embed\/CqeSZlS41S0?feature=oembed\" frameborder=\"0\" allow=\"accelerometer; autoplay; clipboard-write; encrypted-media; gyroscope; picture-in-picture\" allowfullscreen><\/iframe><\/div>\n<\/div><\/figure>\n<\/div><!-- \/wp:embed-->\n\n<!-- wp:paragraph--><div class=\"gridContainer\">\n<p>Nec\u0259 d\u00fc\u015f\u00fcn\u00fcrs\u00fcn\u00fcz bu mahn\u0131 il\u0259 Albaniya Rotterdamda qalib ola bil\u0259r?<\/p>\n<\/div><!-- \/wp:paragraph-->","protected":false},"excerpt":{"rendered":"<p>Arilena Ara ke\u00e7\u0259n il F\u0130K 58-d\u0259 qalib olub Albaniyan\u0131 Avroviziyada t\u0259msil etm\u0259k h\u00fcququ qazansa da, Albaniya musiqi se\u00e7imi \u0259n\u0259n\u0259sind\u0259n d\u00f6nm\u0259y\u0259r\u0259k bu il yeni se\u00e7iml\u0259r t\u0259\u015fkil etm\u0259yi q\u0259rara ald\u0131. Albaniya ad\u0259t\u0259 uy\u011fun olaraq Avroviziya mahn\u0131s\u0131n\u0131 t\u0259qdim ed\u0259n ilk \u00f6lk\u0259 oldu. Bel\u0259 ki, F\u0130K 59 yar\u0131\u015fmas\u0131 (Festivali i K\u00ebng\u00ebs) final\u0131nda 17 mahn\u0131n\u0131 gerid\u0259 qoyaraq Anjela Peristerinin &#8216;Karma&#8217;&nbsp;&hellip;<\/p>\n","protected":false},"author":2,"featured_media":840,"comment_status":"open","ping_status":"closed","sticky":false,"template":"","format":"standard","meta":{"footnotes":""},"categories":[10],"tags":[90,92,91],"class_list":["post-839","post","type-post","status-publish","format-standard","has-post-thumbnail","hentry","category-azerbaijani","tag-albaniya","tag-eurovision2021","tag-rotterdam2021"],"_links":{"self":[{"href":"https:\/\/ogae-az.org\/index.php\/wp-json\/wp\/v2\/posts\/839"}],"collection":[{"href":"https:\/\/ogae-az.org\/index.php\/wp-json\/wp\/v2\/posts"}],"about":[{"href":"https:\/\/ogae-az.org\/index.php\/wp-json\/wp\/v2\/types\/post"}],"author":[{"embeddable":true,"href":"https:\/\/ogae-az.org\/index.php\/wp-json\/wp\/v2\/users\/2"}],"replies":[{"embeddable":true,"href":"https:\/\/ogae-az.org\/index.php\/wp-json\/wp\/v2\/comments?post=839"}],"version-history":[{"count":3,"href":"https:\/\/ogae-az.org\/index.php\/wp-json\/wp\/v2\/posts\/839\/revisions"}],"predecessor-version":[{"id":845,"href":"https:\/\/ogae-az.org\/index.php\/wp-json\/wp\/v2\/posts\/839\/revisions\/845"}],"wp:featuredmedia":[{"embeddable":true,"href":"https:\/\/ogae-az.org\/index.php\/wp-json\/wp\/v2\/media\/840"}],"wp:attachment":[{"href":"https:\/\/ogae-az.org\/index.php\/wp-json\/wp\/v2\/media?parent=839"}],"wp:term":[{"taxonomy":"category","embeddable":true,"href":"https:\/\/ogae-az.org\/index.php\/wp-json\/wp\/v2\/categories?post=839"},{"taxonomy":"post_tag","embeddable":true,"href":"https:\/\/ogae-az.org\/index.php\/wp-json\/wp\/v2\/tags?post=839"}],"curies":[{"name":"wp","href":"https:\/\/api.w.org\/{rel}","templated":true}]}}