{"id":1018,"date":"2021-02-16T21:44:50","date_gmt":"2021-02-16T21:44:50","guid":{"rendered":"https:\/\/ogae-az.org\/?p=1018"},"modified":"2021-03-08T20:29:07","modified_gmt":"2021-03-08T20:29:07","slug":"benni-kristo-cex-respublikasi-ucun-aman-tanrim-deyecek","status":"publish","type":"post","link":"https:\/\/ogae-az.org\/index.php\/2021\/02\/16\/benni-kristo-cex-respublikasi-ucun-aman-tanrim-deyecek\/","title":{"rendered":"Benni Kristo \u00c7ex Respublikas\u0131 \u00fc\u00e7\u00fcn &#8216;Aman Tanr\u0131m&#8217; dey\u0259c\u0259k  \ud83c\udde8\ud83c\uddff"},"content":{"rendered":"<!-- wp:image {\"id\":1015,\"sizeSlug\":\"large\",\"linkDestination\":\"none\"}--><div class=\"gridContainer\">\n<figure class=\"wp-block-image size-large\"><img loading=\"lazy\" decoding=\"async\" width=\"800\" height=\"800\" src=\"https:\/\/ogae-az.org\/wp-content\/uploads\/2021\/02\/benny-cristo.jpg\" alt=\"\" class=\"wp-image-1015\" srcset=\"https:\/\/ogae-az.org\/wp-content\/uploads\/2021\/02\/benny-cristo.jpg 800w, https:\/\/ogae-az.org\/wp-content\/uploads\/2021\/02\/benny-cristo-300x300.jpg 300w, https:\/\/ogae-az.org\/wp-content\/uploads\/2021\/02\/benny-cristo-150x150.jpg 150w, https:\/\/ogae-az.org\/wp-content\/uploads\/2021\/02\/benny-cristo-768x768.jpg 768w\" sizes=\"(max-width: 800px) 100vw, 800px\" \/><\/figure>\n<\/div><!-- \/wp:image-->\n\n<!-- wp:paragraph--><div class=\"gridContainer\">\n<p>Ke\u00e7\u0259n il Benni Kristo \u00c7ex Respublikas\u0131n\u0131 t\u0259msil etm\u0259k \u00fc\u00e7\u00fcn Avroviziyaya -Rotterdam 2020-y\u0259 se\u00e7ildi, lakin pandemiyaya g\u00f6r\u0259 Avroviziya 2020 l\u0259\u011fv edildi. Bu il \u00c7ex Respublikas\u0131 yenid\u0259n \u00fcmidini Benni Kristoya ba\u011flad\u0131 v\u0259 o \u00f6lk\u0259ni Avroviziya 2021-d\u0259 t\u0259msil ed\u0259c\u0259k.<\/p>\n<\/div><!-- \/wp:paragraph-->\n\n<!-- wp:embed {\"url\":\"https:\/\/www.youtube.com\/watch?v=pw4ANrErqFM\",\"type\":\"video\",\"providerNameSlug\":\"youtube\",\"responsive\":true,\"className\":\"wp-embed-aspect-16-9 wp-has-aspect-ratio\"}--><div class=\"gridContainer\">\n<figure class=\"wp-block-embed is-type-video is-provider-youtube wp-block-embed-youtube wp-embed-aspect-16-9 wp-has-aspect-ratio\"><div class=\"wp-block-embed__wrapper\">\n<div class='embed-container'><iframe loading=\"lazy\" title=\"BENNY CRISTO - KEMAMA \/ CZECH EUROVISION CONTESTANT\" width=\"1778\" height=\"1000\" src=\"https:\/\/www.youtube.com\/embed\/pw4ANrErqFM?feature=oembed\" frameborder=\"0\" allow=\"accelerometer; autoplay; clipboard-write; encrypted-media; gyroscope; picture-in-picture\" allowfullscreen><\/iframe><\/div>\n<\/div><\/figure>\n<\/div><!-- \/wp:embed-->\n\n<!-- wp:paragraph--><div class=\"gridContainer\">\n<p>Benni Kristo bug\u00fcn Avroviziya 2021 \u00fc\u00e7\u00fcn yeni mahn\u0131s\u0131 olan <em>omaga<\/em>-n\u0131 t\u0259qdim etdi. Mahn\u0131 h\u0259r\u0259k\u0259tli olub, a\u015fiqin sevdiyi q\u0131za sevgisind\u0259n v\u0259 g\u00f6r\u00fc\u015fm\u0259 ist\u0259yind\u0259n dan\u0131\u015f\u0131r. Maraql\u0131s\u0131 odur ki, mahn\u0131da haz\u0131rda ya\u015fad\u0131\u011f\u0131m\u0131z v\u0259ziyy\u0259t d\u0259 bildirilir. Bel\u0259 ki, mahn\u0131da &#8216;evd\u0259 qalmaq&#8217; s\u00f6zl\u0259ri i\u015fl\u0259dilir:<\/p>\n<\/div><!-- \/wp:paragraph-->\n\n<!-- wp:paragraph--><div class=\"gridContainer\">\n<p>&#8216;S\u0259n evd\u0259 \u00e7ox qald\u0131n<br>M\u0259n evd\u0259 \u00e7ox qald\u0131m, h\u0259<br>Biz h\u0259r ikimiz sevgini hiss etm\u0259liyik, burada he\u00e7 bir pis \u015fey yoxdur&#8217;<\/p>\n<\/div><!-- \/wp:paragraph-->\n\n<!-- wp:paragraph--><div class=\"gridContainer\">\n<p>Klip rejissoru Yan Stra\u00e7 klip haqq\u0131nda bunlar\u0131 deyib:<\/p>\n<\/div><!-- \/wp:paragraph-->\n\n<!-- wp:quote--><div class=\"gridContainer\">\n<blockquote class=\"wp-block-quote\"><p><strong>G\u00fclm\u0259li \u015f\u0259kild\u0259 bir ne\u00e7\u0259 ikonik film\u0259 istinad etm\u0259k  bizim \u00fc\u00e7\u00fcn \u00e7\u0259tin bir i\u015f idi, amma Benninin m\u0259har\u0259tli aktyorluq v\u0259 zarafat etm\u0259 bacar\u0131\u011f\u0131 say\u0259sind\u0259 biz bu i\u015fi asanl\u0131qla bacard\u0131q. O bu filml\u0259r\u0259 h\u00f6rm\u0259tl\u0259 v\u0259 \u0259yl\u0259nc\u0259li bir \u015f\u0259kild\u0259 yana\u015fd\u0131. <\/strong><\/p><\/blockquote>\n<\/div><!-- \/wp:quote-->\n\n<!-- wp:paragraph--><div class=\"gridContainer\">\n<p><em>omaga<\/em> \u00fc\u00e7\u00fcn Kristo produser Filip Vi\u00e7ekl\u0259 \u0259m\u0259kda\u015fl\u0131q etdi. Filip m\u00fc\u011f\u0259nni haqq\u0131nda bunlar\u0131 qeyd etdi:<\/p>\n<\/div><!-- \/wp:paragraph-->\n\n<!-- wp:quote--><div class=\"gridContainer\">\n<blockquote class=\"wp-block-quote\"><p><strong>Bizim \u0259m\u0259kda\u015fl\u0131\u011f\u0131m\u0131z Bennini vokal c\u0259h\u0259td\u0259n yeni stil f\u0259th etm\u0259y\u0259 k\u00f6m\u0259k etdi, amma \u0259m\u0259yimiz \u00f6z\u00fcn\u00fc g\u00f6st\u0259rdi. Bu stil ona \u00e7ox yara\u015f\u0131r.<\/strong><\/p><\/blockquote>\n<\/div><!-- \/wp:quote-->\n\n<!-- wp:paragraph--><div class=\"gridContainer\">\n<p><strong>Benni Kristo kimdir?<\/strong><\/p>\n<\/div><!-- \/wp:paragraph-->\n\n<!-- wp:paragraph--><div class=\"gridContainer\">\n<p>Benni Kristo kimi tan\u0131nan &#8211; Ben da Silva Crist\u00f3v\u00e3o \u0259sl\u0259n Anqolal\u0131 olan \u00c7ex m\u00fc\u011f\u0259nnidir. M\u00fc\u011f\u0259nnilikd\u0259n ba\u015fqa o lirik yaz\u0131\u00e7\u0131, idman\u00e7\u0131 v\u0259 aktyor kimi q\u0259l\u0259m\u0259 verilir.  Onun musiqi karyeras\u0131 2009-cu ild\u0259n ba\u015flay\u0131r, bel\u0259 ki, Benni Kristo \u00c7ex Slovak SuperStar talant \u015fousunun final\u00e7\u0131lar\u0131ndan biri olub. \u015eouda i\u015ftirak t\u0259cr\u00fcb\u0259si onu motivasiya edir v\u0259 m\u00fc\u011f\u0259nni bundan ilhamlanaraq musiqi karyeras\u0131na ba\u015flay\u0131r. <\/p>\n<\/div><!-- \/wp:paragraph-->\n\n<!-- wp:embed {\"url\":\"https:\/\/www.youtube.com\/watch?v=MI7Hf_JmUnA\\u0026t=225s\",\"type\":\"video\",\"providerNameSlug\":\"youtube\",\"responsive\":true,\"className\":\"wp-embed-aspect-16-9 wp-has-aspect-ratio\"}--><div class=\"gridContainer\">\n<figure class=\"wp-block-embed is-type-video is-provider-youtube wp-block-embed-youtube wp-embed-aspect-16-9 wp-has-aspect-ratio\"><div class=\"wp-block-embed__wrapper\">\n<div class='embed-container'><iframe loading=\"lazy\" title=\"Ben Cristovao v Superstar Report\u00e1\u017e + casting + My Love\" width=\"1778\" height=\"1000\" src=\"https:\/\/www.youtube.com\/embed\/MI7Hf_JmUnA?start=225&#038;feature=oembed\" frameborder=\"0\" allow=\"accelerometer; autoplay; clipboard-write; encrypted-media; gyroscope; picture-in-picture\" allowfullscreen><\/iframe><\/div>\n<\/div><\/figure>\n<\/div><!-- \/wp:embed-->\n\n<!-- wp:paragraph--><div class=\"gridContainer\">\n<p>Benni Kristo \u00fc\u00e7 albom \u00e7\u0131xar\u0131r. Albomlar\u0131n ad\u0131 &#8216;Benny Cristo&#8217;, &#8216;Definitely Different\/Konkret F\u0259rqli&#8217;  v\u0259 &#8216;Made in Czechoslovakia\/\u00c7exoslavakiyada istehsal olunub&#8217;-dur.<\/p>\n<\/div><!-- \/wp:paragraph-->\n\n<!-- wp:paragraph--><div class=\"gridContainer\">\n<p>M\u00fc\u011f\u0259nni yeni \u00e7\u0131xan musiqi videosu &#8211; <em>omaga<\/em> haqq\u0131nda bunlar\u0131 deyir:<\/p>\n<\/div><!-- \/wp:paragraph-->\n\n<!-- wp:quote--><div class=\"gridContainer\">\n<blockquote class=\"wp-block-quote\"><p><strong>Biz bir ne\u00e7\u0259 f\u0259rqli, heyr\u0259tl\u0259ndirici s\u0259hn\u0259l\u0259r \u00e7\u0259kdik, buna g\u00f6r\u0259 d\u0259 m\u0259n bilirdim ki, onlardan yaln\u0131z 10%-ni istifad\u0259 ets\u0259k bel\u0259 yen\u0259 d\u0259 \u0259la, g\u00fclm\u0259li v\u0259 \u0259yl\u0259nc\u0259li bir \u015feyl\u0259r \u00e7\u0131xarda bil\u0259rik. Klip rejissoru Yan maraql\u0131 ideyayla g\u0259ldi v\u0259 bunu \u0259n yax\u015f\u0131 \u015f\u0259kild\u0259 h\u0259yata ke\u00e7irdiyimiz\u0259 inan\u0131ram. \u00dcmid edir\u0259m, azarke\u015fl\u0259r videonu b\u0259y\u0259n\u0259c\u0259kl\u0259r, bel\u0259 ki videonu haz\u0131rlamaq \u00e7ox \u0259yl\u0259nc\u0259li idi!<\/strong><\/p><\/blockquote>\n<\/div><!-- \/wp:quote-->\n\n<!-- wp:embed {\"url\":\"https:\/\/www.youtube.com\/watch?v=Kxa3ZtxIdxQ\",\"type\":\"video\",\"providerNameSlug\":\"youtube\",\"responsive\":true,\"className\":\"wp-embed-aspect-16-9 wp-has-aspect-ratio\"}--><div class=\"gridContainer\">\n<figure class=\"wp-block-embed is-type-video is-provider-youtube wp-block-embed-youtube wp-embed-aspect-16-9 wp-has-aspect-ratio\"><div class=\"wp-block-embed__wrapper\">\n<div class='embed-container'><iframe loading=\"lazy\" title=\"Benny Cristo - omaga - Czech Republic \ud83c\udde8\ud83c\uddff - Official Music Video - Eurovision 2021\" width=\"1778\" height=\"1000\" src=\"https:\/\/www.youtube.com\/embed\/Kxa3ZtxIdxQ?feature=oembed\" frameborder=\"0\" allow=\"accelerometer; autoplay; clipboard-write; encrypted-media; gyroscope; picture-in-picture\" allowfullscreen><\/iframe><\/div>\n<\/div><\/figure>\n<\/div><!-- \/wp:embed-->\n\n<!-- wp:paragraph--><div class=\"gridContainer\">\n<p>Siz mahn\u0131 haqq\u0131nda n\u0259 d\u00fc\u015f\u00fcn\u00fcrs\u00fcn\u00fcz? Sizc\u0259 Benni Kristo bu mahn\u0131 il\u0259 finala ke\u00e7\u0259 bil\u0259r?<\/p>\n<\/div><!-- \/wp:paragraph-->","protected":false},"excerpt":{"rendered":"<p>Ke\u00e7\u0259n il Benni Kristo \u00c7ex Respublikas\u0131n\u0131 t\u0259msil etm\u0259k \u00fc\u00e7\u00fcn Avroviziyaya -Rotterdam 2020-y\u0259 se\u00e7ildi, lakin pandemiyaya g\u00f6r\u0259 Avroviziya 2020 l\u0259\u011fv edildi. Bu il \u00c7ex Respublikas\u0131 yenid\u0259n \u00fcmidini Benni Kristoya ba\u011flad\u0131 v\u0259 o \u00f6lk\u0259ni Avroviziya 2021-d\u0259 t\u0259msil ed\u0259c\u0259k. Benni Kristo bug\u00fcn Avroviziya 2021 \u00fc\u00e7\u00fcn yeni mahn\u0131s\u0131 olan omaga-n\u0131 t\u0259qdim etdi. Mahn\u0131 h\u0259r\u0259k\u0259tli olub, a\u015fiqin sevdiyi q\u0131za sevgisind\u0259n&nbsp;&hellip;<\/p>\n","protected":false},"author":2,"featured_media":1015,"comment_status":"open","ping_status":"closed","sticky":false,"template":"","format":"standard","meta":{"footnotes":""},"categories":[10],"tags":[97,95,112,113,110,2,111],"class_list":["post-1018","post","type-post","status-publish","format-standard","has-post-thumbnail","hentry","category-azerbaijani","tag-avroviziya","tag-avroviziya2021","tag-benni-kristo","tag-benny-cristo","tag-cex-respublikasi","tag-eurovision","tag-omaga"],"_links":{"self":[{"href":"https:\/\/ogae-az.org\/index.php\/wp-json\/wp\/v2\/posts\/1018"}],"collection":[{"href":"https:\/\/ogae-az.org\/index.php\/wp-json\/wp\/v2\/posts"}],"about":[{"href":"https:\/\/ogae-az.org\/index.php\/wp-json\/wp\/v2\/types\/post"}],"author":[{"embeddable":true,"href":"https:\/\/ogae-az.org\/index.php\/wp-json\/wp\/v2\/users\/2"}],"replies":[{"embeddable":true,"href":"https:\/\/ogae-az.org\/index.php\/wp-json\/wp\/v2\/comments?post=1018"}],"version-history":[{"count":3,"href":"https:\/\/ogae-az.org\/index.php\/wp-json\/wp\/v2\/posts\/1018\/revisions"}],"predecessor-version":[{"id":1021,"href":"https:\/\/ogae-az.org\/index.php\/wp-json\/wp\/v2\/posts\/1018\/revisions\/1021"}],"wp:featuredmedia":[{"embeddable":true,"href":"https:\/\/ogae-az.org\/index.php\/wp-json\/wp\/v2\/media\/1015"}],"wp:attachment":[{"href":"https:\/\/ogae-az.org\/index.php\/wp-json\/wp\/v2\/media?parent=1018"}],"wp:term":[{"taxonomy":"category","embeddable":true,"href":"https:\/\/ogae-az.org\/index.php\/wp-json\/wp\/v2\/categories?post=1018"},{"taxonomy":"post_tag","embeddable":true,"href":"https:\/\/ogae-az.org\/index.php\/wp-json\/wp\/v2\/tags?post=1018"}],"curies":[{"name":"wp","href":"https:\/\/api.w.org\/{rel}","templated":true}]}}